{"id":1797,"date":"2024-02-26T11:24:30","date_gmt":"2024-02-26T11:24:30","guid":{"rendered":"https:\/\/www.hotelportuense.com\/2024\/02\/26\/festivais-em-lisboa-guia-para-os-melhores-eventos\/"},"modified":"2024-02-27T11:17:58","modified_gmt":"2024-02-27T11:17:58","slug":"festival-fever-proximos-eventos-en-lisboa","status":"publish","type":"post","link":"https:\/\/www.hotelportuense.com\/es\/2024\/02\/26\/festival-fever-proximos-eventos-en-lisboa\/","title":{"rendered":"Festival Fever: Pr\u00f3ximos eventos en Lisboa"},"content":{"rendered":"<p><strong>La primavera est\u00e1 a la vuelta de la esquina y con ella llega la promesa de m\u00fasica, celebraci\u00f3n y diversi\u00f3n en Lisboa. Mientras esperamos el verano, no hay mejor momento para empezar a planificar tus aventuras en la ciudad. Desde festivales ic\u00f3nicos de renombre internacional hasta vibrantes celebraciones locales, hay algo para cada gusto y estilo. \u00a1Descubre los mejores festivales de m\u00fasica en Lisboa en 2024 y prep\u00e1rate para una temporada de experiencias memorables!<\/strong><\/p>\n<p>&nbsp;<\/p>\n<h4 style=\"text-align: left\">S\u00f3nar Lisboa &#8211; 22 al 24 de marzo<\/h4>\n<p>S\u00f3nar Lisboa es un festival de m\u00fasica y creatividad que regresa a la capital portuguesa durante dos d\u00edas y dos noches de experiencias sensoriales \u00fanicas. Celebrado en el Parque Eduardo VII, el evento presenta una emocionante mezcla de m\u00fasica electr\u00f3nica, arte digital y tecnolog\u00eda innovadora. Los visitantes pueden explorar varios lugares dentro del parque, incluidos el Pavilh\u00e3o Carlos Lopes, el CCL Pavilh\u00e3o do Rio y el Hub Criativo do Beato. Con un cartel diverso que va desde artistas emergentes hasta nombres consagrados, S\u00f3nar Lisboa promete un viaje inmersivo y estimulante para los entusiastas de la m\u00fasica y la cultura.<\/p>\n<p>&nbsp;<\/p>\n<h4 style=\"text-align: left\">Indie Lisboa 2024 &#8211; 23 de mayo al 2 de junio<\/h4>\n<p>Indie Lisboa es uno de los festivales de cine independiente m\u00e1s importantes de Portugal y celebra la diversidad y originalidad del cine contempor\u00e1neo. Con una selecci\u00f3n cuidadosamente seleccionada de obras cinematogr\u00e1ficas de todo el mundo, el festival ofrece a los cin\u00e9filos la oportunidad de descubrir nuevos talentos y perspectivas \u00fanicas. Las proyecciones se llevan a cabo en varios lugares emblem\u00e1ticos de Lisboa, incluidos el Cine S\u00e3o Jorge, Culturgest, la Cinemateca Portuguesa, el Cine Ideal y la Biblioteca Pal\u00e1cio Galveias.<\/p>\n<p>&nbsp;<\/p>\n<h4 style=\"text-align: left\">Evil Liv3 Festival 2024 &#8211; 29 y 30 de junio<\/h4>\n<p>El Evil Liv3 Festival celebra la m\u00fasica heavy en todas sus formas, presentando un cartel diverso de artistas del metal, rock y subg\u00e9neros relacionados. Este festival tendr\u00e1 lugar en el Altice Arena y promete dos noches de intensa energ\u00eda, actuaciones apasionadas y momentos inolvidables para los fans de la m\u00fasica m\u00e1s exigentes. Con leyendas vivas como Megadeth, Avenged Sevenfold y Machine Head, el Evil Liv3 Festival es realmente imperdible para los amantes del rock.<\/p>\n<p>&nbsp;<\/p>\n<h4 style=\"text-align: left\">Rock in Rio Lisboa 2024 &#8211; 15, 16, 22 y 23 de junio<\/h4>\n<p>Rock in Rio Lisboa es uno de los festivales de m\u00fasica m\u00e1s grandes del mundo, conocido por reunir a algunos de los nombres m\u00e1s importantes de la industria musical en un solo lugar. Celebrado en el Parque Tajo, este evento cuenta con m\u00faltiples escenarios, \u00e1reas de ocio y un ambiente vibrante. Con un cartel estelar que incluye artistas como Scorpions, Ed Sheeran y Doja Cat, Rock in Rio Lisboa promete cuatro d\u00edas de pura diversi\u00f3n y entretenimiento para todos los gustos musicales.<\/p>\n<p>&nbsp;<\/p>\n<h4 style=\"text-align: left\">MEO Kalorama 2024 &#8211; 29, 30 y 31 de agosto<\/h4>\n<p>MEO Kalorama es un festival de m\u00fasica que celebra la diversidad y la creatividad de la escena musical contempor\u00e1nea. Se lleva a cabo en el Parque da Bela Vista y presenta una impresionante programaci\u00f3n de artistas nacionales e<\/p>\n<p>internacionales de diversos g\u00e9neros musicales, incluidos pop, electr\u00f3nica, indie y m\u00e1s. Adem\u00e1s de m\u00fasica en vivo, el festival tambi\u00e9n ofrece una experiencia interesante con arte, gastronom\u00eda y actividades interactivas. Con nombres como Massive Attack, LCD Soundsystem y Sam Smith, MEO Kalorama promete ser una experiencia memorable.<\/p>\n<p>&nbsp;<\/p>\n<h4 style=\"text-align: left\">Festival Jardins do Marqu\u00eas &#8211; Valle de Oeiras 2024 &#8211; 5, 6, 7 y 10 de julio<\/h4>\n<p>El Festival Jardins do Marqu\u00eas &#8211; Valle de Oeiras es un evento sofisticado que mezcla m\u00fasica de alta calidad con un ambiente encantador. Celebrado en los jardines del Palacio Marqu\u00eas de Pombal, este festival presenta siete noches de conciertos \u00edntimos y memorables en dos escenarios al aire libre. Con artistas como Adriana Calcanhoto, Patti Smith y Djavan, el festival ofrece una experiencia \u00fanica para los entusiastas de la m\u00fasica que buscan algo especial.<\/p>\n<p>&nbsp;<\/p>\n<h4 style=\"text-align: left\">Cool Jazz Festival &#8211; Del 9 al 31 de julio<\/h4>\n<p>El Cool Jazz Festival es una celebraci\u00f3n anual de la m\u00fasica jazz que se celebra en el Hip\u00f3dromo Manuel Possolo de Cascais. Con un entorno m\u00e1gico junto al mar, el festival ofrece una experiencia \u00fanica con conciertos al aire libre en un ambiente relajado y elegante. Su diverso cartel abarca desde artistas consagrados hasta nuevos talentos. \u00a1El Cool Jazz Festival es sin duda un evento imprescindible para los amantes del jazz y la m\u00fasica!<\/p>\n<p>&nbsp;<\/p>\n<hr \/>\n<h5><\/h5>\n<h5>Prep\u00e1rate para un viaje interminable de m\u00fasica, cultura y diversi\u00f3n en Lisboa en 2024. \u00a1No pierdas la oportunidad de vivir estos eventos \u00fanicos que s\u00f3lo la capital portuguesa puede ofrecer y elige el Hotel Portuense para tu estancia!<\/h5>\n","protected":false},"excerpt":{"rendered":"<p>La primavera est\u00e1 a la vuelta de la esquina y con ella llega la promesa de m\u00fasica, celebraci\u00f3n y diversi\u00f3n en Lisboa. Mientras esperamos el verano, no hay mejor momento para empezar a planificar tus aventuras en la ciudad. Desde festivales ic\u00f3nicos de renombre internacional hasta vibrantes celebraciones locales, hay algo para cada gusto y [&hellip;]<\/p>\n","protected":false},"author":63,"featured_media":1791,"comment_status":"closed","ping_status":"closed","sticky":false,"template":"","format":"standard","meta":{"footnotes":""},"categories":[4],"tags":[1507,1505,1506,1502,1278,1494,1498,1509,1497,1493,1512,1495,1516,1510,1499,1513,1504,1503,1511,1515,1500,1514,1496,1508,1501],"class_list":["post-1797","post","type-post","status-publish","format-standard","has-post-thumbnail","hentry","category-sin-categorizar","tag-arte-y-entretenimiento-en-lisboa","tag-cine-independiente","tag-electronica","tag-estadio-altice","tag-eventos-culturales-en-lisboa","tag-eventos-musicales-en-2024","tag-festival-de-jazz-genial-2024","tag-festival-evil-liv3-2024-es","tag-festival-jardins-do-marques-valle-de-oeiras-2024","tag-festivales-de-musica-en-lisboa","tag-hipodromo-manuel-possolo-es","tag-independiente-lisboa-2024","tag-jazz-es","tag-meo-kalorama-2024-es","tag-musica-en-vivo-en-lisboa","tag-musica-pesada-es","tag-parque-bela-vista","tag-parque-del-tajo","tag-parque-eduardo-vii-es","tag-pop-es","tag-primavera-en-lisboa","tag-rock-es","tag-rock-en-rio-lisboa-2024","tag-sonar-lisboa-es","tag-verano-en-lisboa"],"yoast_head":"<!-- This site is optimized with the Yoast SEO plugin v26.9 - https:\/\/yoast.com\/product\/yoast-seo-wordpress\/ -->\n<title>Festival Fever: Pr\u00f3ximos eventos en Lisboa - Hotel Portuense<\/title>\n<meta name=\"description\" content=\"Descubre los mejores festivales de m\u00fasica en Lisboa en 2024 y prep\u00e1rate para una temporada de experiencias memorables!\" \/>\n<meta name=\"robots\" content=\"index, follow, max-snippet:-1, max-image-preview:large, max-video-preview:-1\" \/>\n<link rel=\"canonical\" href=\"https:\/\/www.hotelportuense.com\/es\/2024\/02\/26\/festival-fever-proximos-eventos-en-lisboa\/\" \/>\n<meta property=\"og:locale\" content=\"es_ES\" \/>\n<meta property=\"og:type\" content=\"article\" \/>\n<meta property=\"og:title\" content=\"Festival Fever: Pr\u00f3ximos eventos en Lisboa - Hotel Portuense\" \/>\n<meta property=\"og:description\" content=\"Descubre los mejores festivales de m\u00fasica en Lisboa en 2024 y prep\u00e1rate para una temporada de experiencias memorables!\" \/>\n<meta property=\"og:url\" content=\"https:\/\/www.hotelportuense.com\/es\/2024\/02\/26\/festival-fever-proximos-eventos-en-lisboa\/\" \/>\n<meta property=\"og:site_name\" content=\"Hotel Portuense\" \/>\n<meta property=\"article:published_time\" content=\"2024-02-26T11:24:30+00:00\" \/>\n<meta property=\"article:modified_time\" content=\"2024-02-27T11:17:58+00:00\" \/>\n<meta property=\"og:image\" content=\"https:\/\/www.hotelportuense.com\/wp-content\/uploads\/sites\/41\/2024\/02\/img-artigo-festival-fever.png\" \/>\n\t<meta property=\"og:image:width\" content=\"1800\" \/>\n\t<meta property=\"og:image:height\" content=\"639\" \/>\n\t<meta property=\"og:image:type\" content=\"image\/png\" \/>\n<meta name=\"author\" content=\"portuenselisbon\" \/>\n<meta name=\"twitter:card\" content=\"summary_large_image\" \/>\n<meta name=\"twitter:label1\" content=\"Escrito por\" \/>\n\t<meta name=\"twitter:data1\" content=\"portuenselisbon\" \/>\n\t<meta name=\"twitter:label2\" content=\"Tiempo de lectura\" \/>\n\t<meta name=\"twitter:data2\" content=\"4 minutos\" \/>\n<script type=\"application\/ld+json\" class=\"yoast-schema-graph\">{\"@context\":\"https:\/\/schema.org\",\"@graph\":[{\"@type\":\"Article\",\"@id\":\"https:\/\/www.hotelportuense.com\/es\/2024\/02\/26\/festival-fever-proximos-eventos-en-lisboa\/#article\",\"isPartOf\":{\"@id\":\"https:\/\/www.hotelportuense.com\/es\/2024\/02\/26\/festival-fever-proximos-eventos-en-lisboa\/\"},\"author\":{\"name\":\"portuenselisbon\",\"@id\":\"https:\/\/www.hotelportuense.com\/es\/#\/schema\/person\/989e5951d96292d4875d6fb5f7fa37f4\"},\"headline\":\"Festival Fever: Pr\u00f3ximos eventos en Lisboa\",\"datePublished\":\"2024-02-26T11:24:30+00:00\",\"dateModified\":\"2024-02-27T11:17:58+00:00\",\"mainEntityOfPage\":{\"@id\":\"https:\/\/www.hotelportuense.com\/es\/2024\/02\/26\/festival-fever-proximos-eventos-en-lisboa\/\"},\"wordCount\":805,\"image\":{\"@id\":\"https:\/\/www.hotelportuense.com\/es\/2024\/02\/26\/festival-fever-proximos-eventos-en-lisboa\/#primaryimage\"},\"thumbnailUrl\":\"https:\/\/www.hotelportuense.com\/wp-content\/uploads\/sites\/41\/2024\/02\/img-artigo-festival-fever.png\",\"keywords\":[\"Arte y entretenimiento en Lisboa\",\"Cine independiente\",\"electr\u00f3nica\",\"Estadio Altice\",\"eventos culturales en Lisboa\",\"Eventos musicales en 2024\",\"Festival de Jazz Genial 2024\",\"Festival Evil Liv3 2024\",\"Festival Jardins do Marqu\u00eas - Valle de Oeiras 2024\",\"Festivales de m\u00fasica en Lisboa\",\"Hip\u00f3dromo Manuel Possolo\",\"Independiente Lisboa 2024\",\"jazz\",\"MEO Kalorama 2024\",\"M\u00fasica en vivo en Lisboa\",\"M\u00fasica pesada\",\"Parque Bela Vista\",\"Parque del Tajo\",\"Parque Eduardo VII\",\"pop\",\"Primavera en Lisboa\",\"Rock\",\"Rock en R\u00edo Lisboa 2024\",\"S\u00f3nar Lisboa\",\"Verano en Lisboa\"],\"articleSection\":[\"Sin categorizar\"],\"inLanguage\":\"es\"},{\"@type\":\"WebPage\",\"@id\":\"https:\/\/www.hotelportuense.com\/es\/2024\/02\/26\/festival-fever-proximos-eventos-en-lisboa\/\",\"url\":\"https:\/\/www.hotelportuense.com\/es\/2024\/02\/26\/festival-fever-proximos-eventos-en-lisboa\/\",\"name\":\"Festival Fever: Pr\u00f3ximos eventos en Lisboa - Hotel Portuense\",\"isPartOf\":{\"@id\":\"https:\/\/www.hotelportuense.com\/es\/#website\"},\"primaryImageOfPage\":{\"@id\":\"https:\/\/www.hotelportuense.com\/es\/2024\/02\/26\/festival-fever-proximos-eventos-en-lisboa\/#primaryimage\"},\"image\":{\"@id\":\"https:\/\/www.hotelportuense.com\/es\/2024\/02\/26\/festival-fever-proximos-eventos-en-lisboa\/#primaryimage\"},\"thumbnailUrl\":\"https:\/\/www.hotelportuense.com\/wp-content\/uploads\/sites\/41\/2024\/02\/img-artigo-festival-fever.png\",\"datePublished\":\"2024-02-26T11:24:30+00:00\",\"dateModified\":\"2024-02-27T11:17:58+00:00\",\"author\":{\"@id\":\"https:\/\/www.hotelportuense.com\/es\/#\/schema\/person\/989e5951d96292d4875d6fb5f7fa37f4\"},\"description\":\"Descubre los mejores festivales de m\u00fasica en Lisboa en 2024 y prep\u00e1rate para una temporada de experiencias memorables!\",\"breadcrumb\":{\"@id\":\"https:\/\/www.hotelportuense.com\/es\/2024\/02\/26\/festival-fever-proximos-eventos-en-lisboa\/#breadcrumb\"},\"inLanguage\":\"es\",\"potentialAction\":[{\"@type\":\"ReadAction\",\"target\":[\"https:\/\/www.hotelportuense.com\/es\/2024\/02\/26\/festival-fever-proximos-eventos-en-lisboa\/\"]}]},{\"@type\":\"ImageObject\",\"inLanguage\":\"es\",\"@id\":\"https:\/\/www.hotelportuense.com\/es\/2024\/02\/26\/festival-fever-proximos-eventos-en-lisboa\/#primaryimage\",\"url\":\"https:\/\/www.hotelportuense.com\/wp-content\/uploads\/sites\/41\/2024\/02\/img-artigo-festival-fever.png\",\"contentUrl\":\"https:\/\/www.hotelportuense.com\/wp-content\/uploads\/sites\/41\/2024\/02\/img-artigo-festival-fever.png\",\"width\":1800,\"height\":639},{\"@type\":\"BreadcrumbList\",\"@id\":\"https:\/\/www.hotelportuense.com\/es\/2024\/02\/26\/festival-fever-proximos-eventos-en-lisboa\/#breadcrumb\",\"itemListElement\":[{\"@type\":\"ListItem\",\"position\":1,\"name\":\"Home\",\"item\":\"https:\/\/www.hotelportuense.com\/es\/\"},{\"@type\":\"ListItem\",\"position\":2,\"name\":\"Festival Fever: Pr\u00f3ximos eventos en Lisboa\"}]},{\"@type\":\"WebSite\",\"@id\":\"https:\/\/www.hotelportuense.com\/es\/#website\",\"url\":\"https:\/\/www.hotelportuense.com\/es\/\",\"name\":\"Hotel Portuense\",\"description\":\"Just another ms.decms.eu site\",\"potentialAction\":[{\"@type\":\"SearchAction\",\"target\":{\"@type\":\"EntryPoint\",\"urlTemplate\":\"https:\/\/www.hotelportuense.com\/es\/?s={search_term_string}\"},\"query-input\":{\"@type\":\"PropertyValueSpecification\",\"valueRequired\":true,\"valueName\":\"search_term_string\"}}],\"inLanguage\":\"es\"},{\"@type\":\"Person\",\"@id\":\"https:\/\/www.hotelportuense.com\/es\/#\/schema\/person\/989e5951d96292d4875d6fb5f7fa37f4\",\"name\":\"portuenselisbon\",\"image\":{\"@type\":\"ImageObject\",\"inLanguage\":\"es\",\"@id\":\"https:\/\/www.hotelportuense.com\/es\/#\/schema\/person\/image\/\",\"url\":\"https:\/\/secure.gravatar.com\/avatar\/a1c02ff04436dc75f95a5b9b1dfbf813eb959b53d1a234a7fffcadc04a58f81c?s=96&d=mm&r=g\",\"contentUrl\":\"https:\/\/secure.gravatar.com\/avatar\/a1c02ff04436dc75f95a5b9b1dfbf813eb959b53d1a234a7fffcadc04a58f81c?s=96&d=mm&r=g\",\"caption\":\"portuenselisbon\"},\"url\":\"https:\/\/www.hotelportuense.com\/es\/author\/portuenselisbon\/\"}]}<\/script>\n<!-- \/ Yoast SEO plugin. -->","yoast_head_json":{"title":"Festival Fever: Pr\u00f3ximos eventos en Lisboa - Hotel Portuense","description":"Descubre los mejores festivales de m\u00fasica en Lisboa en 2024 y prep\u00e1rate para una temporada de experiencias memorables!","robots":{"index":"index","follow":"follow","max-snippet":"max-snippet:-1","max-image-preview":"max-image-preview:large","max-video-preview":"max-video-preview:-1"},"canonical":"https:\/\/www.hotelportuense.com\/es\/2024\/02\/26\/festival-fever-proximos-eventos-en-lisboa\/","og_locale":"es_ES","og_type":"article","og_title":"Festival Fever: Pr\u00f3ximos eventos en Lisboa - Hotel Portuense","og_description":"Descubre los mejores festivales de m\u00fasica en Lisboa en 2024 y prep\u00e1rate para una temporada de experiencias memorables!","og_url":"https:\/\/www.hotelportuense.com\/es\/2024\/02\/26\/festival-fever-proximos-eventos-en-lisboa\/","og_site_name":"Hotel Portuense","article_published_time":"2024-02-26T11:24:30+00:00","article_modified_time":"2024-02-27T11:17:58+00:00","og_image":[{"width":1800,"height":639,"url":"https:\/\/www.hotelportuense.com\/wp-content\/uploads\/sites\/41\/2024\/02\/img-artigo-festival-fever.png","type":"image\/png"}],"author":"portuenselisbon","twitter_card":"summary_large_image","twitter_misc":{"Escrito por":"portuenselisbon","Tiempo de lectura":"4 minutos"},"schema":{"@context":"https:\/\/schema.org","@graph":[{"@type":"Article","@id":"https:\/\/www.hotelportuense.com\/es\/2024\/02\/26\/festival-fever-proximos-eventos-en-lisboa\/#article","isPartOf":{"@id":"https:\/\/www.hotelportuense.com\/es\/2024\/02\/26\/festival-fever-proximos-eventos-en-lisboa\/"},"author":{"name":"portuenselisbon","@id":"https:\/\/www.hotelportuense.com\/es\/#\/schema\/person\/989e5951d96292d4875d6fb5f7fa37f4"},"headline":"Festival Fever: Pr\u00f3ximos eventos en Lisboa","datePublished":"2024-02-26T11:24:30+00:00","dateModified":"2024-02-27T11:17:58+00:00","mainEntityOfPage":{"@id":"https:\/\/www.hotelportuense.com\/es\/2024\/02\/26\/festival-fever-proximos-eventos-en-lisboa\/"},"wordCount":805,"image":{"@id":"https:\/\/www.hotelportuense.com\/es\/2024\/02\/26\/festival-fever-proximos-eventos-en-lisboa\/#primaryimage"},"thumbnailUrl":"https:\/\/www.hotelportuense.com\/wp-content\/uploads\/sites\/41\/2024\/02\/img-artigo-festival-fever.png","keywords":["Arte y entretenimiento en Lisboa","Cine independiente","electr\u00f3nica","Estadio Altice","eventos culturales en Lisboa","Eventos musicales en 2024","Festival de Jazz Genial 2024","Festival Evil Liv3 2024","Festival Jardins do Marqu\u00eas - Valle de Oeiras 2024","Festivales de m\u00fasica en Lisboa","Hip\u00f3dromo Manuel Possolo","Independiente Lisboa 2024","jazz","MEO Kalorama 2024","M\u00fasica en vivo en Lisboa","M\u00fasica pesada","Parque Bela Vista","Parque del Tajo","Parque Eduardo VII","pop","Primavera en Lisboa","Rock","Rock en R\u00edo Lisboa 2024","S\u00f3nar Lisboa","Verano en Lisboa"],"articleSection":["Sin categorizar"],"inLanguage":"es"},{"@type":"WebPage","@id":"https:\/\/www.hotelportuense.com\/es\/2024\/02\/26\/festival-fever-proximos-eventos-en-lisboa\/","url":"https:\/\/www.hotelportuense.com\/es\/2024\/02\/26\/festival-fever-proximos-eventos-en-lisboa\/","name":"Festival Fever: Pr\u00f3ximos eventos en Lisboa - Hotel Portuense","isPartOf":{"@id":"https:\/\/www.hotelportuense.com\/es\/#website"},"primaryImageOfPage":{"@id":"https:\/\/www.hotelportuense.com\/es\/2024\/02\/26\/festival-fever-proximos-eventos-en-lisboa\/#primaryimage"},"image":{"@id":"https:\/\/www.hotelportuense.com\/es\/2024\/02\/26\/festival-fever-proximos-eventos-en-lisboa\/#primaryimage"},"thumbnailUrl":"https:\/\/www.hotelportuense.com\/wp-content\/uploads\/sites\/41\/2024\/02\/img-artigo-festival-fever.png","datePublished":"2024-02-26T11:24:30+00:00","dateModified":"2024-02-27T11:17:58+00:00","author":{"@id":"https:\/\/www.hotelportuense.com\/es\/#\/schema\/person\/989e5951d96292d4875d6fb5f7fa37f4"},"description":"Descubre los mejores festivales de m\u00fasica en Lisboa en 2024 y prep\u00e1rate para una temporada de experiencias memorables!","breadcrumb":{"@id":"https:\/\/www.hotelportuense.com\/es\/2024\/02\/26\/festival-fever-proximos-eventos-en-lisboa\/#breadcrumb"},"inLanguage":"es","potentialAction":[{"@type":"ReadAction","target":["https:\/\/www.hotelportuense.com\/es\/2024\/02\/26\/festival-fever-proximos-eventos-en-lisboa\/"]}]},{"@type":"ImageObject","inLanguage":"es","@id":"https:\/\/www.hotelportuense.com\/es\/2024\/02\/26\/festival-fever-proximos-eventos-en-lisboa\/#primaryimage","url":"https:\/\/www.hotelportuense.com\/wp-content\/uploads\/sites\/41\/2024\/02\/img-artigo-festival-fever.png","contentUrl":"https:\/\/www.hotelportuense.com\/wp-content\/uploads\/sites\/41\/2024\/02\/img-artigo-festival-fever.png","width":1800,"height":639},{"@type":"BreadcrumbList","@id":"https:\/\/www.hotelportuense.com\/es\/2024\/02\/26\/festival-fever-proximos-eventos-en-lisboa\/#breadcrumb","itemListElement":[{"@type":"ListItem","position":1,"name":"Home","item":"https:\/\/www.hotelportuense.com\/es\/"},{"@type":"ListItem","position":2,"name":"Festival Fever: Pr\u00f3ximos eventos en Lisboa"}]},{"@type":"WebSite","@id":"https:\/\/www.hotelportuense.com\/es\/#website","url":"https:\/\/www.hotelportuense.com\/es\/","name":"Hotel Portuense","description":"Just another ms.decms.eu site","potentialAction":[{"@type":"SearchAction","target":{"@type":"EntryPoint","urlTemplate":"https:\/\/www.hotelportuense.com\/es\/?s={search_term_string}"},"query-input":{"@type":"PropertyValueSpecification","valueRequired":true,"valueName":"search_term_string"}}],"inLanguage":"es"},{"@type":"Person","@id":"https:\/\/www.hotelportuense.com\/es\/#\/schema\/person\/989e5951d96292d4875d6fb5f7fa37f4","name":"portuenselisbon","image":{"@type":"ImageObject","inLanguage":"es","@id":"https:\/\/www.hotelportuense.com\/es\/#\/schema\/person\/image\/","url":"https:\/\/secure.gravatar.com\/avatar\/a1c02ff04436dc75f95a5b9b1dfbf813eb959b53d1a234a7fffcadc04a58f81c?s=96&d=mm&r=g","contentUrl":"https:\/\/secure.gravatar.com\/avatar\/a1c02ff04436dc75f95a5b9b1dfbf813eb959b53d1a234a7fffcadc04a58f81c?s=96&d=mm&r=g","caption":"portuenselisbon"},"url":"https:\/\/www.hotelportuense.com\/es\/author\/portuenselisbon\/"}]}},"acf":[],"_links":{"self":[{"href":"https:\/\/www.hotelportuense.com\/es\/wp-json\/wp\/v2\/posts\/1797","targetHints":{"allow":["GET"]}}],"collection":[{"href":"https:\/\/www.hotelportuense.com\/es\/wp-json\/wp\/v2\/posts"}],"about":[{"href":"https:\/\/www.hotelportuense.com\/es\/wp-json\/wp\/v2\/types\/post"}],"author":[{"embeddable":true,"href":"https:\/\/www.hotelportuense.com\/es\/wp-json\/wp\/v2\/users\/63"}],"replies":[{"embeddable":true,"href":"https:\/\/www.hotelportuense.com\/es\/wp-json\/wp\/v2\/comments?post=1797"}],"version-history":[{"count":0,"href":"https:\/\/www.hotelportuense.com\/es\/wp-json\/wp\/v2\/posts\/1797\/revisions"}],"wp:featuredmedia":[{"embeddable":true,"href":"https:\/\/www.hotelportuense.com\/es\/wp-json\/wp\/v2\/media\/1791"}],"wp:attachment":[{"href":"https:\/\/www.hotelportuense.com\/es\/wp-json\/wp\/v2\/media?parent=1797"}],"wp:term":[{"taxonomy":"category","embeddable":true,"href":"https:\/\/www.hotelportuense.com\/es\/wp-json\/wp\/v2\/categories?post=1797"},{"taxonomy":"post_tag","embeddable":true,"href":"https:\/\/www.hotelportuense.com\/es\/wp-json\/wp\/v2\/tags?post=1797"}],"curies":[{"name":"wp","href":"https:\/\/api.w.org\/{rel}","templated":true}]}}